{"id":51,"count":0,"description":"","link":"https:\/\/ops.radlin.pl\/ops\/category\/uslugi-spoleczne-na-rzecz-ograniczenia-skutkow-kryzysu-wywolanego-konfliktem-zbrojnym-na-terytorium-ukrainy-miasto-radlin\/","name":"Us\u0142ugi spo\u0142eczne na rzecz ograniczenia skutk\u00f3w kryzysu wywo\u0142anego konfliktem zbrojnym na terytorium Ukrainy \u2013 Miasto Radlin","slug":"uslugi-spoleczne-na-rzecz-ograniczenia-skutkow-kryzysu-wywolanego-konfliktem-zbrojnym-na-terytorium-ukrainy-miasto-radlin","taxonomy":"category","parent":0,"meta":[],"_links":{"self":[{"href":"https:\/\/ops.radlin.pl\/ops\/wp-json\/wp\/v2\/categories\/51","targetHints":{"allow":["GET"]}}],"collection":[{"href":"https:\/\/ops.radlin.pl\/ops\/wp-json\/wp\/v2\/categories"}],"about":[{"href":"https:\/\/ops.radlin.pl\/ops\/wp-json\/wp\/v2\/taxonomies\/category"}],"wp:post_type":[{"href":"https:\/\/ops.radlin.pl\/ops\/wp-json\/wp\/v2\/posts?categories=51"}],"curies":[{"name":"wp","href":"https:\/\/api.w.org\/{rel}","templated":true}]}}