{"id":8417,"date":"2026-01-23T08:59:34","date_gmt":"2026-01-23T07:59:34","guid":{"rendered":"https:\/\/ops.radlin.pl\/ops\/?p=8417"},"modified":"2026-01-28T15:07:17","modified_gmt":"2026-01-28T14:07:17","slug":"informacja-o-rozpoczeciu-naboru-wnioskow-w-ramach-resortowego-programu-opieka-wytchnieniowa-dla-jednostek-samorzadu-terytorialnego-edycja-2026","status":"publish","type":"post","link":"https:\/\/ops.radlin.pl\/ops\/informacja-o-rozpoczeciu-naboru-wnioskow-w-ramach-resortowego-programu-opieka-wytchnieniowa-dla-jednostek-samorzadu-terytorialnego-edycja-2026\/","title":{"rendered":"Informacja o rozpocz\u0119ciu naboru wniosk\u00f3w w ramach resortowego programu &#8222;Opieka wytchnieniowa&#8221; dla Jednostek Samorz\u0105du Terytorialnego &#8211; edycja 2026"},"content":{"rendered":"\n<p class=\"has-text-align-left\">Dyrektor O\u015brodka Pomocy Spo\u0142ecznej w Radlinie informuje o rozpocz\u0119ciu naboru wniosk\u00f3w w ramach resortowego programu Ministra Rodziny, Pracy i Polityki Spo\u0142ecznej &#8222;Opieka wytchnieniowa&#8221; dla Jednostek Samorz\u0105du Terytorialnego &#8211; edycja 2026.<\/p>\n\n\n\n<p class=\"has-text-align-left\">Program adresowany jest dla do cz\u0142onk\u00f3w rodzin lub opiekun\u00f3w zamieszkuj\u0105cych we wsp\u00f3lnym gospodarstwie domowym z osob\u0105 z niepe\u0142nosprawno\u015bci\u0105, kt\u00f3ra wymaga sta\u0142ej opieki w zakresie potrzeb \u017cycia codziennego, sprawuj\u0105cych bezpo\u015bredni\u0105 opiek\u0119 nad:<\/p>\n\n\n\n<ul class=\"wp-block-list\">\n<li>dzie\u0107mi od uko\u0144czenia 2. roku \u017cycia do uko\u0144czenia 16. roku \u017cycia posiadaj\u0105cymi orzeczenie o niepe\u0142nosprawno\u015bci lub<\/li>\n\n\n\n<li>osobami niepe\u0142nosprawnymi posiadaj\u0105cymi:\n<ul class=\"wp-block-list\">\n<li>orzeczenie o znacznym stopniu niepe\u0142nosprawno\u015bci albo<\/li>\n\n\n\n<li>orzeczenie traktowane na r\u00f3wni z orzeczeniem o znacznym stopniu niepe\u0142nosprawno\u015bci, zgodnie z art. 5 i art. 62 ustawy z dnia 27 sierpnia 1997 r. o rehabilitacji zawodowej i spo\u0142ecznej oraz zatrudnianiu os\u00f3b niepe\u0142nosprawnych<\/li>\n<\/ul>\n<\/li>\n<\/ul>\n\n\n\n<p class=\"has-text-align-left\">\u2013 kt\u00f3rzy wymagaj\u0105 <strong>\u015bwiadczenia us\u0142ug opieki wytchnieniowej w ramach pobytu dziennego za uprzedni\u0105 zgod\u0105 gminy, w miejscu zamieszkania osoby z niepe\u0142nosprawno\u015bci\u0105.<\/strong><\/p>\n\n\n\n<p class=\"has-text-align-left\">Us\u0142ugi w ramach programu b\u0119d\u0105 \u015bwiadczone nieodp\u0142atnie.<\/p>\n\n\n\n<p class=\"has-text-align-left\">Program finansowany jest ze \u015brodk\u00f3w pa\u0144stwowego funduszu celowego zwanego Funduszem Solidarno\u015bciowym.<\/p>\n\n\n\n<p class=\"has-text-align-left\">Zwracamy si\u0119 do os\u00f3b zainteresowanych t\u0105 form\u0105 wsparcia o sk\u0142adanie:<\/p>\n\n\n\n<ul class=\"wp-block-list\">\n<li><a href=\"https:\/\/ops.radlin.pl\/ops\/pliki\/inne\/OW2026\/Zalacznik-nr-7-do-Programu-OW-JST-2026_karta_zg\u0142oszenia-2.pdf\" target=\"_blank\" rel=\"noopener\" title=\"\">karta zg\u0142oszenia do programu &#8211; za\u0142 7<\/a><\/li>\n\n\n\n<li><a href=\"https:\/\/ops.radlin.pl\/ops\/pliki\/inne\/OW2026\/oswiadczenie.pdf\" target=\"_blank\" rel=\"noopener\" title=\"\">o\u015bwiadczenie<\/a><\/li>\n\n\n\n<li>aktualne orzeczenie o niepe\u0142nosprawno\u015bci \/ o stopniu niepe\u0142nosprawno\u015bci<\/li>\n\n\n\n<li><a href=\"https:\/\/ops.radlin.pl\/ops\/pliki\/inne\/OW2026\/RODO_gmina.pdf\" target=\"_blank\" rel=\"noopener\" title=\"\">informacja dot. przetwarzania danych osobowych (gmina)<\/a><\/li>\n\n\n\n<li><a href=\"https:\/\/ops.radlin.pl\/ops\/pliki\/inne\/OW2026\/Zalacznik-nr-11-do-Programu-OW-JST-2026_klauzula_RODO-1.pdf\" target=\"_blank\" rel=\"noopener\" title=\"\">informacja dot. przetwarzania danych osobowych (Minister Rodziny, Pracy i Polityki Spo\u0142ecznej).<\/a><\/li>\n<\/ul>\n\n\n\n<p class=\"has-text-align-left\"><strong>Komplet dokument\u00f3w nale\u017cy z\u0142o\u017cy\u0107 osobi\u015bcie w siedzibie O\u015brodka Pomocy Spo\u0142ecznej w Radlinie ul. Ludwika Solskiego 15, 44-310 Radlin w terminie od dnia 28 stycznia 2026 r. do dnia 6 lutego 2026 r. w godzinach pracy O\u015brodka.<\/strong><\/p>\n\n\n\n<p class=\"has-text-align-left\">Kolejno\u015b\u0107 zg\u0142osze\u0144 nie ma wp\u0142ywu na wynik naboru uczestnik\u00f3w do Programu.<\/p>\n\n\n\n<p class=\"has-text-align-left\">Szczeg\u00f3\u0142owych informacji mo\u017cna r\u00f3wnie\u017c uzyska\u0107 na stronie internetowej:<\/p>\n\n\n\n<p class=\"has-text-align-left\"><a href=\"https:\/\/www.gov.pl\/web\/rodzina\/nabor-wnioskow-w-ramach-resortowego-programu-ministra-rodziny-pracy-i-polityki-spolecznej-opieka-wytchnieniowa-dla-jednostek-samorzadu-terytorialnego--edycja-2026\" target=\"_blank\" rel=\"noopener\" title=\"\">https:\/\/www.gov.pl\/web\/rodzina\/nabor-wnioskow-w-ramach-resortowego-programu-ministra-rodziny-pracy-i-polityki-spolecznej-opieka-wytchnieniowa-dla-jednostek-samorzadu-terytorialnego&#8211;edycja-2026<\/a><\/p>\n\n\n\n<p class=\"has-text-align-left\">a tak\u017ce w:<\/p>\n\n\n\n<p class=\"has-text-align-left\">O\u015brodku Pomocy Spo\u0142ecznej,<br>ul. Solskiego 15, 44-310 Radlin,<br>tel. 32 440 74 43, mail: ops@radlin.pl<\/p>\n\n\n\n<p class=\"has-text-align-left\">Aktualnie Gmina Radlin jest po akceptacji wniosku i czeka na umow\u0119 na realizacje Programu &#8222;Opieka wytchnieniowa&#8221; dla Jednostek Samorz\u0105du Terytorialnego \u2013 edycja 2026.<\/p>\n","protected":false},"excerpt":{"rendered":"<p>Dyrektor O\u015brodka Pomocy Spo\u0142ecznej w Radlinie informuje o rozpocz\u0119ciu naboru wniosk\u00f3w w ramach resortowego programu Ministra Rodziny, Pracy i Polityki Spo\u0142ecznej &#8222;Opieka wytchnieniowa&#8221; dla Jednostek Samorz\u0105du Terytorialnego &#8211; edycja 2026. Program adresowany jest dla do cz\u0142onk\u00f3w rodzin lub opiekun\u00f3w zamieszkuj\u0105cych we wsp\u00f3lnym gospodarstwie domowym z osob\u0105 z niepe\u0142nosprawno\u015bci\u0105, kt\u00f3ra wymaga sta\u0142ej opieki w zakresie potrzeb&hellip; <a class=\"continue\" href=\"https:\/\/ops.radlin.pl\/ops\/informacja-o-rozpoczeciu-naboru-wnioskow-w-ramach-resortowego-programu-opieka-wytchnieniowa-dla-jednostek-samorzadu-terytorialnego-edycja-2026\/\"><strong>Czytaj wi\u0119cej:<\/strong><span> Informacja o rozpocz\u0119ciu naboru wniosk\u00f3w w ramach resortowego programu &#8222;Opieka wytchnieniowa&#8221; dla Jednostek Samorz\u0105du Terytorialnego &#8211; edycja 2026<\/span><\/a><\/p>\n","protected":false},"author":1,"featured_media":0,"comment_status":"closed","ping_status":"closed","sticky":false,"template":"","format":"standard","meta":{"footnotes":""},"categories":[3],"tags":[],"class_list":{"0":"post-8417","1":"post","2":"type-post","3":"status-publish","4":"format-standard","6":"category-aktualnosci","7":"czr-hentry"},"aioseo_notices":[],"_links":{"self":[{"href":"https:\/\/ops.radlin.pl\/ops\/wp-json\/wp\/v2\/posts\/8417","targetHints":{"allow":["GET"]}}],"collection":[{"href":"https:\/\/ops.radlin.pl\/ops\/wp-json\/wp\/v2\/posts"}],"about":[{"href":"https:\/\/ops.radlin.pl\/ops\/wp-json\/wp\/v2\/types\/post"}],"author":[{"embeddable":true,"href":"https:\/\/ops.radlin.pl\/ops\/wp-json\/wp\/v2\/users\/1"}],"replies":[{"embeddable":true,"href":"https:\/\/ops.radlin.pl\/ops\/wp-json\/wp\/v2\/comments?post=8417"}],"version-history":[{"count":6,"href":"https:\/\/ops.radlin.pl\/ops\/wp-json\/wp\/v2\/posts\/8417\/revisions"}],"predecessor-version":[{"id":8430,"href":"https:\/\/ops.radlin.pl\/ops\/wp-json\/wp\/v2\/posts\/8417\/revisions\/8430"}],"wp:attachment":[{"href":"https:\/\/ops.radlin.pl\/ops\/wp-json\/wp\/v2\/media?parent=8417"}],"wp:term":[{"taxonomy":"category","embeddable":true,"href":"https:\/\/ops.radlin.pl\/ops\/wp-json\/wp\/v2\/categories?post=8417"},{"taxonomy":"post_tag","embeddable":true,"href":"https:\/\/ops.radlin.pl\/ops\/wp-json\/wp\/v2\/tags?post=8417"}],"curies":[{"name":"wp","href":"https:\/\/api.w.org\/{rel}","templated":true}]}}