{"id":8422,"date":"2026-01-23T09:17:43","date_gmt":"2026-01-23T08:17:43","guid":{"rendered":"https:\/\/ops.radlin.pl\/ops\/?p=8422"},"modified":"2026-01-23T09:17:44","modified_gmt":"2026-01-23T08:17:44","slug":"wyniki-ii-konkursu-na-mikroinicjatywy","status":"publish","type":"post","link":"https:\/\/ops.radlin.pl\/ops\/wyniki-ii-konkursu-na-mikroinicjatywy\/","title":{"rendered":"Wyniki II konkursu na mikroinicjatywy"},"content":{"rendered":"\n<figure class=\"wp-block-image size-large\"><img loading=\"lazy\" decoding=\"async\" width=\"1920\" height=\"203\" src=\"https:\/\/ops.radlin.pl\/ops\/wp-content\/uploads\/2024\/10\/FESL-kolor-1920x203.jpg\" alt=\"Logo projekt\" class=\"wp-image-7546\" srcset=\"https:\/\/ops.radlin.pl\/ops\/wp-content\/uploads\/2024\/10\/FESL-kolor-1920x203.jpg 1920w, https:\/\/ops.radlin.pl\/ops\/wp-content\/uploads\/2024\/10\/FESL-kolor-300x32.jpg 300w, https:\/\/ops.radlin.pl\/ops\/wp-content\/uploads\/2024\/10\/FESL-kolor-768x81.jpg 768w, https:\/\/ops.radlin.pl\/ops\/wp-content\/uploads\/2024\/10\/FESL-kolor-1536x162.jpg 1536w, https:\/\/ops.radlin.pl\/ops\/wp-content\/uploads\/2024\/10\/FESL-kolor.jpg 2015w\" sizes=\"auto, (max-width: 1920px) 100vw, 1920px\" \/><\/figure>\n\n\n\n<div style=\"height:30px\" aria-hidden=\"true\" class=\"wp-block-spacer\"><\/div>\n\n\n\n<p class=\"has-text-align-left\"><strong>Z rado\u015bci\u0105 informujemy, \u017ce zako\u0144czyli\u015bmy ocen\u0119 wniosk\u00f3w w ramach II edycji konkursu na mikroinicjatywy w projekcie \u201eRadli\u0144skie Zielone Serce\u201d, wsp\u00f3\u0142finansowanym ze \u015brodk\u00f3w Funduszy Europejskich dla \u015al\u0105skiego 2021\u20132027.<\/strong><\/p>\n\n\n\n<p class=\"has-text-align-left\">Komisja oceni\u0142a 9 wniosk\u00f3w, spo\u015br\u00f3d kt\u00f3rych 5 otrzyma\u0142o rekomendacj\u0119 do dofinansowania na \u0142\u0105czn\u0105 kwot\u0119 27 400,00 z\u0142.<\/p>\n\n\n\n<p class=\"has-text-align-left\">Zesp\u00f3\u0142 projektu \u201eRadli\u0144skie Zielone Serce\u201d serdecznie dzi\u0119kuje wszystkim wnioskodawcom za udzia\u0142 w konkursie. Wasze projekty s\u0105 pe\u0142ne pasji, pomys\u0142owo\u015bci i lokalnej troski. Udowodnili\u015bcie, \u017ce Radlin ma ogromny potencja\u0142 spo\u0142eczny i kreatywny!<\/p>\n\n\n\n<p class=\"has-text-align-left\">Niech to b\u0119dzie dopiero pocz\u0105tek \u2013 niezale\u017cnie od wynik\u00f3w, ka\u017cda zg\u0142oszona inicjatywa pokazuje, jak bardzo chcecie dzia\u0142a\u0107 dla dobra wsp\u00f3lnego. <strong>Brawo!<\/strong><\/p>\n\n\n\n<p class=\"has-text-align-left\">Z wszystkimi wnioskodawcami skontaktujemy si\u0119 telefonicznie celem om\u00f3wienia dalszych dzia\u0142a\u0144.<\/p>\n\n\n\n<p class=\"has-text-align-left\">List\u0119 rankingow\u0105 publikujemy tutaj:<\/p>\n\n\n\n<ul class=\"wp-block-list\">\n<li><a href=\"https:\/\/ops.radlin.pl\/ops\/pliki\/inne\/mikroinicjatywy2\/lista_rankingowa.pdf\" target=\"_blank\" rel=\"noopener\" title=\"\">Lista rankingowa (.pdf)<\/a><\/li>\n<\/ul>\n\n\n\n<div style=\"height:30px\" aria-hidden=\"true\" class=\"wp-block-spacer\"><\/div>\n\n\n\n<p class=\"has-text-align-left\"><a href=\"https:\/\/www.facebook.com\/hashtag\/funduszeue?__eep__=6&amp;__cft__[0]=AZWhirYNVv3qH2-7P_JHs_RJQlNispA3wYqAehuRA1Vs0sQo8NSaDh4nbKUTKqDj78OybRokIx4zXFSCzEZjeZp3cbXqF-XUy8Jgyw1dAkZwthXYiU2d5Avj7eaBX8k32v6rKMf100LmbIX9B7aIBRTLduz6GpKFpzrZ-NUkQt9stjhV2G1bhoST0yk4YasSIdG_22G4tONUhcZPGkxEzvTT&amp;__tn__=*NK-R\">#FunduszeUE<\/a> <a href=\"https:\/\/www.facebook.com\/hashtag\/funduszeeuropejskie?__eep__=6&amp;__cft__[0]=AZWhirYNVv3qH2-7P_JHs_RJQlNispA3wYqAehuRA1Vs0sQo8NSaDh4nbKUTKqDj78OybRokIx4zXFSCzEZjeZp3cbXqF-XUy8Jgyw1dAkZwthXYiU2d5Avj7eaBX8k32v6rKMf100LmbIX9B7aIBRTLduz6GpKFpzrZ-NUkQt9stjhV2G1bhoST0yk4YasSIdG_22G4tONUhcZPGkxEzvTT&amp;__tn__=*NK-R\">#FunduszeEuropejskie<\/a> <a href=\"https:\/\/www.facebook.com\/hashtag\/radlin?__eep__=6&amp;__cft__[0]=AZWhirYNVv3qH2-7P_JHs_RJQlNispA3wYqAehuRA1Vs0sQo8NSaDh4nbKUTKqDj78OybRokIx4zXFSCzEZjeZp3cbXqF-XUy8Jgyw1dAkZwthXYiU2d5Avj7eaBX8k32v6rKMf100LmbIX9B7aIBRTLduz6GpKFpzrZ-NUkQt9stjhV2G1bhoST0yk4YasSIdG_22G4tONUhcZPGkxEzvTT&amp;__tn__=*NK-R\">#Radlin<\/a> <a href=\"https:\/\/www.facebook.com\/hashtag\/cusradlin?__eep__=6&amp;__cft__[0]=AZWhirYNVv3qH2-7P_JHs_RJQlNispA3wYqAehuRA1Vs0sQo8NSaDh4nbKUTKqDj78OybRokIx4zXFSCzEZjeZp3cbXqF-XUy8Jgyw1dAkZwthXYiU2d5Avj7eaBX8k32v6rKMf100LmbIX9B7aIBRTLduz6GpKFpzrZ-NUkQt9stjhV2G1bhoST0yk4YasSIdG_22G4tONUhcZPGkxEzvTT&amp;__tn__=*NK-R\">#CUSRadlin<\/a> <a href=\"https:\/\/www.facebook.com\/hashtag\/miastoradlin?__eep__=6&amp;__cft__[0]=AZWhirYNVv3qH2-7P_JHs_RJQlNispA3wYqAehuRA1Vs0sQo8NSaDh4nbKUTKqDj78OybRokIx4zXFSCzEZjeZp3cbXqF-XUy8Jgyw1dAkZwthXYiU2d5Avj7eaBX8k32v6rKMf100LmbIX9B7aIBRTLduz6GpKFpzrZ-NUkQt9stjhV2G1bhoST0yk4YasSIdG_22G4tONUhcZPGkxEzvTT&amp;__tn__=*NK-R\">#MiastoRadlin<\/a> <a href=\"https:\/\/www.facebook.com\/hashtag\/mikrogranty?__eep__=6&amp;__cft__[0]=AZWhirYNVv3qH2-7P_JHs_RJQlNispA3wYqAehuRA1Vs0sQo8NSaDh4nbKUTKqDj78OybRokIx4zXFSCzEZjeZp3cbXqF-XUy8Jgyw1dAkZwthXYiU2d5Avj7eaBX8k32v6rKMf100LmbIX9B7aIBRTLduz6GpKFpzrZ-NUkQt9stjhV2G1bhoST0yk4YasSIdG_22G4tONUhcZPGkxEzvTT&amp;__tn__=*NK-R\">#Mikrogranty<\/a> <a href=\"https:\/\/www.facebook.com\/hashtag\/centrumus%C5%82ugspo%C5%82ecznych?__eep__=6&amp;__cft__[0]=AZWhirYNVv3qH2-7P_JHs_RJQlNispA3wYqAehuRA1Vs0sQo8NSaDh4nbKUTKqDj78OybRokIx4zXFSCzEZjeZp3cbXqF-XUy8Jgyw1dAkZwthXYiU2d5Avj7eaBX8k32v6rKMf100LmbIX9B7aIBRTLduz6GpKFpzrZ-NUkQt9stjhV2G1bhoST0yk4YasSIdG_22G4tONUhcZPGkxEzvTT&amp;__tn__=*NK-R\">#CentrumUs\u0142ugSpo\u0142ecznych<\/a><\/p>\n\n\n\n<p class=\"has-text-align-left\"><br>Projekt \u201eRadli\u0144skie zielone serce\u201d, kt\u00f3ry jest wsp\u00f3\u0142finansowany przez Uni\u0119 Europejsk\u0105 w ramach programu Fundusze Europejskie dla \u015al\u0105skiego 2021-2027 (Fundusz na rzecz Sprawiedliwej Transformacji).<\/p>\n","protected":false},"excerpt":{"rendered":"<p>Z rado\u015bci\u0105 informujemy, \u017ce zako\u0144czyli\u015bmy ocen\u0119 wniosk\u00f3w w ramach II edycji konkursu na mikroinicjatywy w projekcie \u201eRadli\u0144skie Zielone Serce\u201d, wsp\u00f3\u0142finansowanym ze \u015brodk\u00f3w Funduszy Europejskich dla \u015al\u0105skiego 2021\u20132027. Komisja oceni\u0142a 9 wniosk\u00f3w, spo\u015br\u00f3d kt\u00f3rych 5 otrzyma\u0142o rekomendacj\u0119 do dofinansowania na \u0142\u0105czn\u0105 kwot\u0119 27 400,00 z\u0142. Zesp\u00f3\u0142 projektu \u201eRadli\u0144skie Zielone Serce\u201d serdecznie dzi\u0119kuje wszystkim wnioskodawcom za udzia\u0142&hellip; <a class=\"continue\" href=\"https:\/\/ops.radlin.pl\/ops\/wyniki-ii-konkursu-na-mikroinicjatywy\/\"><strong>Czytaj wi\u0119cej:<\/strong><span> Wyniki II konkursu na mikroinicjatywy<\/span><\/a><\/p>\n","protected":false},"author":1,"featured_media":0,"comment_status":"closed","ping_status":"closed","sticky":false,"template":"","format":"standard","meta":{"footnotes":""},"categories":[3,70],"tags":[],"class_list":{"0":"post-8422","1":"post","2":"type-post","3":"status-publish","4":"format-standard","6":"category-aktualnosci","7":"category-radlinskie-zielone-serce","8":"czr-hentry"},"aioseo_notices":[],"_links":{"self":[{"href":"https:\/\/ops.radlin.pl\/ops\/wp-json\/wp\/v2\/posts\/8422","targetHints":{"allow":["GET"]}}],"collection":[{"href":"https:\/\/ops.radlin.pl\/ops\/wp-json\/wp\/v2\/posts"}],"about":[{"href":"https:\/\/ops.radlin.pl\/ops\/wp-json\/wp\/v2\/types\/post"}],"author":[{"embeddable":true,"href":"https:\/\/ops.radlin.pl\/ops\/wp-json\/wp\/v2\/users\/1"}],"replies":[{"embeddable":true,"href":"https:\/\/ops.radlin.pl\/ops\/wp-json\/wp\/v2\/comments?post=8422"}],"version-history":[{"count":1,"href":"https:\/\/ops.radlin.pl\/ops\/wp-json\/wp\/v2\/posts\/8422\/revisions"}],"predecessor-version":[{"id":8423,"href":"https:\/\/ops.radlin.pl\/ops\/wp-json\/wp\/v2\/posts\/8422\/revisions\/8423"}],"wp:attachment":[{"href":"https:\/\/ops.radlin.pl\/ops\/wp-json\/wp\/v2\/media?parent=8422"}],"wp:term":[{"taxonomy":"category","embeddable":true,"href":"https:\/\/ops.radlin.pl\/ops\/wp-json\/wp\/v2\/categories?post=8422"},{"taxonomy":"post_tag","embeddable":true,"href":"https:\/\/ops.radlin.pl\/ops\/wp-json\/wp\/v2\/tags?post=8422"}],"curies":[{"name":"wp","href":"https:\/\/api.w.org\/{rel}","templated":true}]}}